{"id":3385,"date":"2015-06-01T00:00:03","date_gmt":"2015-05-31T23:00:03","guid":{"rendered":"https:\/\/www.francescmarcalvaro.cat\/?p=3385"},"modified":"2015-06-01T00:00:03","modified_gmt":"2015-05-31T23:00:03","slug":"les-coses-clares","status":"publish","type":"post","link":"https:\/\/francescmarcalvaro.cat\/ca\/2015\/06\/01\/les-coses-clares\/","title":{"rendered":"Les coses clares"},"content":{"rendered":"<p>\t\t\t\tEl llarg estiu del sobiranisme ser\u00e0 curt. Perqu\u00e8, passi el que passi a les eleccions catalanes, el 28 de setembre entrarem en una nova etapa. Esclafament del somni o desconnexi\u00f3 activada s\u00f3n les dues possibilitats, per\u00f2 tamb\u00e9 cal considerar una hip\u00f2tesi molt envitricollada, molt diab\u00f2lica, molt catalana: l\u2019empat o quasi empat que porta a podrir l\u2019oportunitat i crea desconcert. Per aix\u00f2, de la llarga entrevista amb el president Mas que ahir publicava <em>La Vanguardia<\/em>, jo en destaco una frase, que permet entendre la magnitud del repte sense eufemismes: \u201cles dues coses estaran en joc en aquestes eleccions: qui lidera i quant sumem entre tots\u201d. Per ordre: sumar i dirigir.<\/p>\n<p>Si el sobiranisme no suma, tururut: l\u2019Estat passar\u00e0 el corr\u00f3 sobre el moviment per la independ\u00e8ncia i alg\u00fa escriur\u00e0 la versi\u00f3 postmoderna d\u2019aquella falsa ruta de Ferran\/Fernando Valls Taberner. En canvi, si el sobiranisme suma, el primer repte ser\u00e0 constituir un Govern de transici\u00f3 que, a partir de l\u2019equilibri de forces del bloc sobiranista, condueixi el proc\u00e9s i gestioni el dia a dia; en aquest cas, el candidat de la llista m\u00e9s votada tindr\u00e0 la principal responsabilitat de l\u2019impuls pol\u00edtic d\u2019una empresa sense precedents. Sigui Mas, Junqueras, un dirigent de la CUP o alg\u00fa altre, el dia 28 de setembre caldr\u00e0 que un pol\u00edtic es faci c\u00e0rrec personalment de l\u2019aposta hist\u00f2rica. Fins ara, qui hi ha posat la cara institucional \u00e9s Mas, per aix\u00f2 penja sobre ell una querella de la fiscalia general de l\u2019Estat. El proc\u00e9s sobiranista ve de baix, implica molts actors per\u00f2, alhora, necessita un mascar\u00f3 de proa.<\/p>\n<p>Un cop es va tancar el debat sobre la llista unit\u00e0ria, les eleccions de setembre seran plebiscit\u00e0ries i tamb\u00e9 sobre esquerra-dreta i, inevitablement, una mena de presidencials per triar qui es posa al capdavant d\u2019una transici\u00f3\/desconnexi\u00f3 que t\u00e9 implicacions de gran calat. En aquest sentit, les municipals ens envien un doble missatge, potser contradictori: les esquerres guanyen pes dins del sobiranisme per\u00f2 els moderats neosobiranistes continuen sent els m\u00e9s votats. La compet\u00e8ncia entre opcions partid\u00e0ries de la independ\u00e8ncia ser\u00e0 dura i vindr\u00e0 influ\u00efda per altres factors, com les expectatives de la suposada nova pol\u00edtica, la que t\u00e9 com a primer objectiu \u201cfer fora Mas\u201d. La mateixa que descobreix que \u201csumar multiplica\u201d.<\/p>\n<p>Mas est\u00e0 cansat de fer de mascar\u00f3 de proa del proc\u00e9s mentre entorns sobiranistes puristes el colpegen cada dia amb la sospita de la tra\u00efci\u00f3. Per aix\u00f2 el president d\u00f3na a entendre, a preguntes del director d\u2019aquest diari, que nom\u00e9s continuar\u00e0 si guanya: \u201cSi la gent de Catalunya decideix que aix\u00f2 ha de canviar de mans, jo no ser\u00e9 cap obstacle\u201d. Algun rival de Mas es posa molt nervi\u00f3s quan li comenten que, tal vegada, tindria l\u2019enorme oportunitat de \u201cfer hist\u00f2ria\u201d tot solet, sense que li fes ombra un convers de darrera hora.\t\t<\/p>","protected":false},"excerpt":{"rendered":"<p>El llarg estiu del sobiranisme ser\u00e0 curt. Perqu\u00e8, passi el que passi a les eleccions catalanes, el 28 de setembre entrarem en una nova etapa. Esclafament del somni o desconnexi\u00f3&#8230;<\/p>\n","protected":false},"author":3,"featured_media":0,"comment_status":"closed","ping_status":"open","sticky":false,"template":"","format":"standard","meta":[],"categories":[6,7],"tags":[3],"_links":{"self":[{"href":"https:\/\/francescmarcalvaro.cat\/ca\/wp-json\/wp\/v2\/posts\/3385"}],"collection":[{"href":"https:\/\/francescmarcalvaro.cat\/ca\/wp-json\/wp\/v2\/posts"}],"about":[{"href":"https:\/\/francescmarcalvaro.cat\/ca\/wp-json\/wp\/v2\/types\/post"}],"author":[{"embeddable":true,"href":"https:\/\/francescmarcalvaro.cat\/ca\/wp-json\/wp\/v2\/users\/3"}],"replies":[{"embeddable":true,"href":"https:\/\/francescmarcalvaro.cat\/ca\/wp-json\/wp\/v2\/comments?post=3385"}],"version-history":[{"count":0,"href":"https:\/\/francescmarcalvaro.cat\/ca\/wp-json\/wp\/v2\/posts\/3385\/revisions"}],"wp:attachment":[{"href":"https:\/\/francescmarcalvaro.cat\/ca\/wp-json\/wp\/v2\/media?parent=3385"}],"wp:term":[{"taxonomy":"category","embeddable":true,"href":"https:\/\/francescmarcalvaro.cat\/ca\/wp-json\/wp\/v2\/categories?post=3385"},{"taxonomy":"post_tag","embeddable":true,"href":"https:\/\/francescmarcalvaro.cat\/ca\/wp-json\/wp\/v2\/tags?post=3385"}],"curies":[{"name":"wp","href":"https:\/\/api.w.org\/{rel}","templated":true}]}}