{"id":5496,"date":"2019-10-10T19:56:36","date_gmt":"2019-10-10T18:56:36","guid":{"rendered":"https:\/\/francescmarcalvaro.cat\/?p=5496"},"modified":"2019-10-15T20:10:32","modified_gmt":"2019-10-15T19:10:32","slug":"espanol-la-lider-pura","status":"publish","type":"post","link":"https:\/\/francescmarcalvaro.cat\/ca\/2019\/10\/10\/espanol-la-lider-pura\/","title":{"rendered":"La l\u00edder pura"},"content":{"rendered":"<p>Fa dies que vull escriure sobre Greta Thunberg i ho vaig ajornant. El fet que aquesta noia susciti odis tan furibunds m\u2019obliga a revisar el meu escepticisme inicial sobre la seva figura, de tal manera que \u2013amb tots els matisos que es vulgui\u2013 m\u2019he de posar al cant\u00f3 dels que li s\u00f3n favorables, per b\u00e9 que ho faig m\u00e9s per reacci\u00f3 contra molts dels seus detractors que des de l\u2019entusiasme. Per exemple, \u00e9s esfere\u00efdor que alg\u00fa hagi penjat d\u2019un pont de Roma un ninot que representava l\u2019adolescent que s\u2019ha fet famosa per la seva lluita contra la crisi clim\u00e0tica. Al costat d\u2019atacs fora mida, Thunberg tamb\u00e9 gaudeix d\u2019adhesions ditir\u00e0mbiques que, en alguns casos, tenen gaireb\u00e9 un biaix pseudoreligi\u00f3s que produeix al\u00b7l\u00e8rgia.<br \/>\n&nbsp;<br \/>\nPer qu\u00e8 Greta Thunberg ha irromput d\u2019aquesta manera tan espectacular en l\u2019aparador que anomenem actualitat? M\u00e9s enll\u00e0 de la \u00adseva joventut i del seu talent com a oradora, el que fa diferent aquesta activista global \u00e9s la convicci\u00f3 que transmet. A difer\u00e8ncia de la majoria de pol\u00edtics o de molts l\u00edders socials, l\u2019estu\u00addiant sueca no interpreta, \u00e9s. No porta cap m\u00e0scara, no hi ha difer\u00e8ncia (ni dist\u00e0ncia) entre la persona i el personatge p\u00fablic que veiem. Som davant d\u2019alg\u00fa que encarna una idea per\u00f2 no representa cap paper, ella \u00e9s aquesta idea. Quan aix\u00f2 passa, som davant de lideratges excepcionals, d\u2019una pot\u00e8ncia especial. Per aix\u00f2 interessa tant als mitjans i per aix\u00f2 mateix fa patir si es pensa en l\u2019impacte que tindr\u00e0 sobre la vida d\u2019aquesta jove la sobtada \u00adpopularitat de qu\u00e8 gaudeix quan encara s\u2019est\u00e0 construint com a persona.<br \/>\n&nbsp;<br \/>\n<blockquote class='blockquote_shortcode  without_quote_icon' style=''><h2 class='blockquote_text' ><span>A difer\u00e8ncia de la majoria de l\u00edders pol\u00edtics o socials, Greta Thunberg no interpreta, \u00e9s.<\/span><\/h2><\/blockquote><br \/>\n&nbsp;<br \/>\nLa convicci\u00f3 que exhibeix Greta Thunberg li atorga l\u2019atractiu de la naturalitat i amb tot aix\u00f2 basteix un carisma molt fresc, que queda equilibrat per la dura fragilitat que desprenen la seva imatge i el seu verb. Ens agrada que alg\u00fa tan diferent dels homes vells que tenen el poder planti cara i digui el que diu, hi veiem una ree\u00addici\u00f3 de David contra Goliat, \u00e9s una narraci\u00f3 irresistible, amb capacitat de mobilitzar les noves generacions d\u2019una manera que feia temps que no v\u00e8iem. En aquest sentit, Thunberg ens connecta amb els anys seixanta i setanta del segle XX, quan una part dels joves de llavors van con\u00advertir-se i actuar com un subjecte pol\u00edtic nou, una nova classe social, segons van anunciar els savis de l\u2019\u00e8poca. El jovent m\u00e9s actiu exigia i convocava els grans canvis, i s\u2019establia aix\u00ed una nova relaci\u00f3 entre el futur i aquells que menys expe\u00adri\u00e8ncia tenien. El Maig del 68 va entronitzar el paper del jove com a visionari i va reinventar la postal rom\u00e0ntica de la joventut en el paper d\u2019avantguarda social. Greta Thunberg \u00e9s l\u2019actualitzaci\u00f3 d\u2019una actitud que informa la cultura moderna des dels seus or\u00edgens, contraposada a les societats tradicionals on els ancians dicten el que conv\u00e9.<br \/>\n&nbsp;<br \/>\nLa guerra cultural que va embolicada dins de les manifestacions Fridays for \u00adFuture posa en evid\u00e8ncia la nost\u00e0lgia que tenim de lideratges transformadors que compensin l\u2019omnipres\u00e8ncia en l\u2019escena p\u00fablica de figures com Donald Trump, Jair Bolsonaro, Vlad\u00edmir Putin o, en una altra lliga, Boris Johnson. La Greta \u00e9s la promesa d\u2019un lideratge que no ha estat encara tacat, doblegat, adulterat o pervertit pel sistema. La Greta \u00e9s la puresa de la causa abans d\u2019aterrar en l\u2019arena de la transacci\u00f3 i el possibilisme. La Greta \u00e9s, finalment, l\u2019ideal en la seva brillantor en contra de la pol\u00edtica com a teatre on els interessos de la majoria s\u00f3n arraconats pels que mouen les grans palanques. Un altre m\u00f3n \u00e9s possible, exclamem quan surt aquesta adolescent a l\u2019escenari. En una posici\u00f3 m\u00e9s inequ\u00edvocament insti\u00adtucional, Alexandria Ocasio-Cortez, congressista per Nova York, tamb\u00e9 dibuixa la pol\u00edtica com un espai amb possibi\u00adlitats de ser refundat \u2013amb tenacitat\u2013 per aquells que se\u2019n senten m\u00e9s al marge.<br \/>\n&nbsp;<br \/>\nGreta Thunberg em recorda l\u2019aparici\u00f3 dels primers pol\u00edtics ecologistes a la llavors anomenada Rep\u00fablica Federal Alemanya, a partir dels anys vuitanta, especialment la figura de Petra Kelly, que va tenir un final tr\u00e0gic. Quan Els Verds van arribar al Bundestag, van adonar-se que travessar el pont entre l\u2019ideal i la tasca parlament\u00e0ria era m\u00e9s dif\u00edcil que no semblava. Aquest viatge \u00e9s sempre el m\u00e9s complicat que fan els que provenen de l\u2019activisme i volen jugar com a legisladors i governants. Avui, la impugnaci\u00f3 general de les rutines i concepcions dels pol\u00edtics ens ubica en un context on els missatges de l\u2019adolescent sueca tenen m\u00e9s ress\u00f2 que mai.<br \/>\n&nbsp;<br \/>\nSi s\u2019escolten els intensos discursos de Greta Thunberg, ens admiren la seva for\u00e7a i el seu coratge, per\u00f2 tamb\u00e9 \u00e9s inevitable demanar-se per la ratlla fina, gaireb\u00e9 imperceptible, que separa la indignaci\u00f3 del fanatisme, aquell territori pantan\u00f3s on tota causa corre el risc de ser desfigurada i redu\u00efda a una inquietant caricatura de tonalitats ombr\u00edvoles. El clam contra la crisi clim\u00e0tica \u00e9s una causa justa que ens interpel\u00b7la seriosament, per\u00f2 les narratives apocal\u00edptiques amb qu\u00e8 alguns la vehiculen poden produir un efecte contrari al que es pret\u00e9n. Els amics de la Greta haurien d\u2019avisar-la d\u2019aquest perill.<\/p>","protected":false},"excerpt":{"rendered":"<p>Fa dies que vull escriure sobre Greta Thunberg i ho vaig ajornant. El fet que aquesta noia susciti odis tan furibunds m\u2019obliga a revisar el meu escepticisme inicial sobre la&#8230;<\/p>\n","protected":false},"author":3,"featured_media":5498,"comment_status":"closed","ping_status":"open","sticky":false,"template":"","format":"standard","meta":[],"categories":[6,13,1],"tags":[3],"_links":{"self":[{"href":"https:\/\/francescmarcalvaro.cat\/ca\/wp-json\/wp\/v2\/posts\/5496"}],"collection":[{"href":"https:\/\/francescmarcalvaro.cat\/ca\/wp-json\/wp\/v2\/posts"}],"about":[{"href":"https:\/\/francescmarcalvaro.cat\/ca\/wp-json\/wp\/v2\/types\/post"}],"author":[{"embeddable":true,"href":"https:\/\/francescmarcalvaro.cat\/ca\/wp-json\/wp\/v2\/users\/3"}],"replies":[{"embeddable":true,"href":"https:\/\/francescmarcalvaro.cat\/ca\/wp-json\/wp\/v2\/comments?post=5496"}],"version-history":[{"count":5,"href":"https:\/\/francescmarcalvaro.cat\/ca\/wp-json\/wp\/v2\/posts\/5496\/revisions"}],"predecessor-version":[{"id":5503,"href":"https:\/\/francescmarcalvaro.cat\/ca\/wp-json\/wp\/v2\/posts\/5496\/revisions\/5503"}],"wp:featuredmedia":[{"embeddable":true,"href":"https:\/\/francescmarcalvaro.cat\/ca\/wp-json\/wp\/v2\/media\/5498"}],"wp:attachment":[{"href":"https:\/\/francescmarcalvaro.cat\/ca\/wp-json\/wp\/v2\/media?parent=5496"}],"wp:term":[{"taxonomy":"category","embeddable":true,"href":"https:\/\/francescmarcalvaro.cat\/ca\/wp-json\/wp\/v2\/categories?post=5496"},{"taxonomy":"post_tag","embeddable":true,"href":"https:\/\/francescmarcalvaro.cat\/ca\/wp-json\/wp\/v2\/tags?post=5496"}],"curies":[{"name":"wp","href":"https:\/\/api.w.org\/{rel}","templated":true}]}}