{"id":7322,"date":"2022-04-04T08:01:56","date_gmt":"2022-04-04T07:01:56","guid":{"rendered":"https:\/\/francescmarcalvaro.cat\/?p=7322"},"modified":"2022-04-19T08:06:26","modified_gmt":"2022-04-19T07:06:26","slug":"adeu-a-lunic-estratega","status":"publish","type":"post","link":"https:\/\/francescmarcalvaro.cat\/ca\/2022\/04\/04\/adeu-a-lunic-estratega\/","title":{"rendered":"Adeu a l\u2019\u00fanic estratega"},"content":{"rendered":"<p>No ha volgut barallar-se per manar i s\u2019ha estimat m\u00e9s fer un pas al costat, com va fer Artur Mas, un l\u00edder amb qui va connectar i va fer amistat. Jordi S\u00e0nchez ha fet saber que no repetir\u00e0 com a secretari general de Junts i, en el congr\u00e9s del juny, el partit de Puigdemont haur\u00e0 de triar en mans de qui posa el volant d\u2019un vehicle que, sovint, sembla que circuli sense pilot. Som davant l\u2019adeu de l\u2019\u00fanic estratega amb cara i ulls que, fins ara, ha tingut Junts, una tasca dif\u00edcil, sobretot en una casa que ha fet de la manca d\u2019estrat\u00e8gia clara un tret diferencial.<br \/>\n&nbsp;<br \/>\nPer qu\u00e8 se\u2019n va S\u00e0nchez? En s\u00edntesi, per tres coses: no ha aconseguit tenir un sector propi, no ha compartit el lideratge org\u00e0nic com alguns volien, i mai va ser ben vist pels dirigents que provenien de Converg\u00e8ncia ni pels independents m\u00e9s inclinats a la sobreactuaci\u00f3 de la desobedi\u00e8ncia ret\u00f2rica. La gran paradoxa \u00e9s que Jordi S\u00e0nchez, tot i ser de la pedrera de l\u2019activisme, ha tingut una mirada pol\u00edtica m\u00e9s pragm\u00e0tica (a ell es deu l\u2019acord de Govern amb Aragon\u00e8s) que Jordi Turull i Josep Rull, els dos presos postconvergents (juntament amb Joaquim Forn) criats en el realisme pujolista.<br \/>\n&nbsp;<\/p>\n<blockquote><p>S\u00e0nchez ha tingut una mirada pol\u00edtica m\u00e9s pragm\u00e0tica que Turull i Rull<\/p><\/blockquote>\n<p>&nbsp;<br \/>\nPer qu\u00e8, malgrat tot, S\u00e0nchez va convertir-se en l\u2019estratega i organitzador principal de Junts? Pel seu vincle directe amb Puigdemont, per la seva relaci\u00f3 amb David Mad\u00ed, pel seu talent a l\u2019hora d\u2019endre\u00e7ar les peces en un entorn molt fragmentat i, finalment, pel fet de no formar part de cap de les fam\u00edlies d\u2019aquest conglomerat. Massa poc convergent per als postconvergents i massa possibilista per als independents que representa Laura Borr\u00e0s, S\u00e0nchez paga car el fet de treballar al seu aire, trepitjant molts ulls de poll, sense delegar gaire. Quan era l\u00edder de l\u2019ANC, ja el van criticar perqu\u00e8 mantenia una actitud semblant. En algunes de les an\u00e0lisis de fons, S\u00e0nchez coincideix amb plantejaments que han servit a ERC per fer el seu gir estrat\u00e8gic, una paradoxa m\u00e9s. Posar Jaume Gir\u00f3 a la conselleria d\u2019Economia va ser una aposta seva.<br \/>\n&nbsp;<br \/>\nAra comen\u00e7a la batalla per controlar el tim\u00f3 d\u2019un vaixell que t\u00e9 una tripulaci\u00f3 molt diversa i dissonant. Totes les travesses apunten que Turull (que ja tenia aspiracions quan va n\u00e9ixer el PDECat en enterrar-se la marca Converg\u00e8ncia) optar\u00e0 a la secretaria general. \u00c9s un convergent de tota la vida que, despr\u00e9s de la pres\u00f3, t\u00e9 una part important de les bases de Junts mobilitzades al seu costat. L\u2019altra figura amb expectatives \u00e9s Borr\u00e0s, icona dels que enyoren un momentum, tamb\u00e9 molt aclamada per les bases; per\u00f2 la traject\u00f2ria de la presidenta del Parlament \u2013que podria ocupar la presid\u00e8ncia de Junts si Puigdemont decideix dedicar-se exclusivament al Consell per la Rep\u00fablica\u2013 va unida al proc\u00e9s judicial que t\u00e9 obert per la seva actuaci\u00f3 a la Instituci\u00f3 de les Lletres Catalanes. I la pregunta del mili\u00f3: quina estrat\u00e8gia vendr\u00e0 \u2013m\u00e9s enll\u00e0 d\u2019esperar la trompada d\u2019ERC\u2013 el t\u00e0ndem Turull-Borr\u00e0s?<br \/>\n<\/p>","protected":false},"excerpt":{"rendered":"<p>No ha volgut barallar-se per manar i s\u2019ha estimat m\u00e9s fer un pas al costat, com va fer Artur Mas, un l\u00edder amb qui va connectar i va fer amistat&#8230;.<\/p>\n","protected":false},"author":3,"featured_media":7323,"comment_status":"closed","ping_status":"open","sticky":false,"template":"","format":"standard","meta":[],"categories":[6,71,70,7],"tags":[3],"_links":{"self":[{"href":"https:\/\/francescmarcalvaro.cat\/ca\/wp-json\/wp\/v2\/posts\/7322"}],"collection":[{"href":"https:\/\/francescmarcalvaro.cat\/ca\/wp-json\/wp\/v2\/posts"}],"about":[{"href":"https:\/\/francescmarcalvaro.cat\/ca\/wp-json\/wp\/v2\/types\/post"}],"author":[{"embeddable":true,"href":"https:\/\/francescmarcalvaro.cat\/ca\/wp-json\/wp\/v2\/users\/3"}],"replies":[{"embeddable":true,"href":"https:\/\/francescmarcalvaro.cat\/ca\/wp-json\/wp\/v2\/comments?post=7322"}],"version-history":[{"count":1,"href":"https:\/\/francescmarcalvaro.cat\/ca\/wp-json\/wp\/v2\/posts\/7322\/revisions"}],"predecessor-version":[{"id":7324,"href":"https:\/\/francescmarcalvaro.cat\/ca\/wp-json\/wp\/v2\/posts\/7322\/revisions\/7324"}],"wp:featuredmedia":[{"embeddable":true,"href":"https:\/\/francescmarcalvaro.cat\/ca\/wp-json\/wp\/v2\/media\/7323"}],"wp:attachment":[{"href":"https:\/\/francescmarcalvaro.cat\/ca\/wp-json\/wp\/v2\/media?parent=7322"}],"wp:term":[{"taxonomy":"category","embeddable":true,"href":"https:\/\/francescmarcalvaro.cat\/ca\/wp-json\/wp\/v2\/categories?post=7322"},{"taxonomy":"post_tag","embeddable":true,"href":"https:\/\/francescmarcalvaro.cat\/ca\/wp-json\/wp\/v2\/tags?post=7322"}],"curies":[{"name":"wp","href":"https:\/\/api.w.org\/{rel}","templated":true}]}}