{"id":3580,"date":"2015-10-26T00:00:16","date_gmt":"2015-10-25T23:00:16","guid":{"rendered":"https:\/\/www.francescmarcalvaro.cat\/?p=3580"},"modified":"2015-10-26T00:00:16","modified_gmt":"2015-10-25T23:00:16","slug":"un-vestit-a-mida","status":"publish","type":"post","link":"https:\/\/francescmarcalvaro.cat\/es\/2015\/10\/26\/un-vestit-a-mida\/","title":{"rendered":"Un vestit a mida"},"content":{"rendered":"<p>\t\t\t\tMiquel Iceta ha declarado que CDC no puede aducir que el Estado le investiga para frenar el proceso porque no hace lo mismo, en cambio, con ERC ni con la CUP. La falacia es de manual. Pero lo que interesa es advertir que Iceta se ha olvidado de un adverbio: <em>todav\u00eda<\/em>. Porque llegar\u00e1 el d\u00eda en que polic\u00eda y fiscales investigar\u00e1n a ERC y la CUP. \u00bfSer\u00e1 por corrupci\u00f3n? Por lo que sea.<\/p>\n<p>Pensar que eso no funciona as\u00ed es ser ingenuo o no entender nada. Si tienes el Estado, le haces un traje a medida a tu enemigo, con todas las herramientas al alcance. Y el soberanismo es el enemigo del Estado espa\u00f1ol. El traje a medida de CDC es la utilizaci\u00f3n partidista de la corrupci\u00f3n; es f\u00e1cil de hacer porque los convergentes han gobernado durante d\u00e9cadas y han participado de un sistema opaco de financiaci\u00f3n de los partidos. Para la CUP, el traje a medida ser\u00e1 otro, y no hace falta ser muy listo para prever que ser\u00e1 el terrorismo, a partir de las relaciones con la izquierda abertzale. Y a ERC, \u00bfqu\u00e9 vestido le har\u00e1 el Estado? Uno distinto, quiz\u00e1s mezcl\u00e1ndolo todo.<\/p>\n<p>Dado que la pol\u00edtica la hacen humanos y no \u00e1ngeles, el Estado puede desenterrar lo que quiera, para presentarlo como delito. O difundir falsedades, como se hizo con Trias, o con Mas en 2012. No importan ni la verdad ni la justicia, s\u00f3lo lograr que los informativos abran con im\u00e1genes del enemigo esposado. Una imagen vale m\u00e1s que mil argumentos. Maniobra sencilla: asociar soberanismo a corrupci\u00f3n, a terrorismo, a lo que haga falta. Nadie est\u00e1 a salvo.<\/p>\n<p>Eduard Voltas se me ha adelantado con un art\u00edculo muy l\u00facido en <em>Mon.cat<\/em>. El colega expresa una idea, dirigida sobre todo a ERC y a la CUP: \u00abNo era muy dif\u00edcil imaginar que un partido del sistema, un guardi\u00e1n del orden durante tres d\u00e9cadas, habr\u00eda participado de una manera u otra de los grandes vicios del sistema. Y no era muy dif\u00edcil imaginar que si este partido de orden se saltaba el gui\u00f3n y se apuntaba a las filas del desorden, el Estado har\u00eda flotar la mierda\u00bb. Por lo tanto, como dice Voltas, \u00abhaberlo pensado antes\u00bb. En 2012, cuando CDC vira hacia el soberanismo, republicanos y cuperos ya sab\u00edan lo que hab\u00eda. Servidor lo hab\u00eda explicado de otra manera: hay una contradicci\u00f3n insalvable del proceso; el camino no se puede hacer sin lo que representa CDC pero eso lastra el soberanismo con adherencias t\u00f3xicas del viejo mundo auton\u00f3mico. Conclusi\u00f3n: hac\u00eda falta blindarse -desde el minuto cero- contra la tormenta de porquer\u00eda o anunciar que la independencia s\u00f3lo se har\u00eda el d\u00eda en que todos fueran inmaculados como una virgen.<\/p>\n<p>Tengo escrito que CDC debe proceder a la demolici\u00f3n antes de refundarse. El da\u00f1o es demasiado grande. Pero tambi\u00e9n es innegable que -una vez estamos donde estamos- dejar que las maniobras del Estado dividan al soberanismo y nos lleven al fracaso del proceso ser\u00eda un final propio de aficionados.\t\t<\/p>","protected":false},"excerpt":{"rendered":"<p>Miquel Iceta ha declarado que CDC no puede aducir que el Estado le investiga para frenar el proceso porque no hace lo mismo, en cambio, con ERC ni con la&#8230;<\/p>\n","protected":false},"author":3,"featured_media":0,"comment_status":"closed","ping_status":"open","sticky":false,"template":"","format":"standard","meta":[],"categories":[6,7],"tags":[3],"_links":{"self":[{"href":"https:\/\/francescmarcalvaro.cat\/es\/wp-json\/wp\/v2\/posts\/3580"}],"collection":[{"href":"https:\/\/francescmarcalvaro.cat\/es\/wp-json\/wp\/v2\/posts"}],"about":[{"href":"https:\/\/francescmarcalvaro.cat\/es\/wp-json\/wp\/v2\/types\/post"}],"author":[{"embeddable":true,"href":"https:\/\/francescmarcalvaro.cat\/es\/wp-json\/wp\/v2\/users\/3"}],"replies":[{"embeddable":true,"href":"https:\/\/francescmarcalvaro.cat\/es\/wp-json\/wp\/v2\/comments?post=3580"}],"version-history":[{"count":0,"href":"https:\/\/francescmarcalvaro.cat\/es\/wp-json\/wp\/v2\/posts\/3580\/revisions"}],"wp:attachment":[{"href":"https:\/\/francescmarcalvaro.cat\/es\/wp-json\/wp\/v2\/media?parent=3580"}],"wp:term":[{"taxonomy":"category","embeddable":true,"href":"https:\/\/francescmarcalvaro.cat\/es\/wp-json\/wp\/v2\/categories?post=3580"},{"taxonomy":"post_tag","embeddable":true,"href":"https:\/\/francescmarcalvaro.cat\/es\/wp-json\/wp\/v2\/tags?post=3580"}],"curies":[{"name":"wp","href":"https:\/\/api.w.org\/{rel}","templated":true}]}}