{"id":4518,"date":"2011-12-07T00:00:22","date_gmt":"2011-12-06T23:00:22","guid":{"rendered":"http:\/\/www.oweb.es\/fmalvaro\/?p=396"},"modified":"2011-12-07T00:00:22","modified_gmt":"2011-12-06T23:00:22","slug":"els-ossos-del-tira","status":"publish","type":"post","link":"https:\/\/francescmarcalvaro.cat\/es\/2011\/12\/07\/els-ossos-del-tira\/","title":{"rendered":"Els ossos del tir\u00e0"},"content":{"rendered":"<p>\t\t\t\tNo hay escapatoria. Vivimos entre los muertos, lo queramos o no. Se puede pensar que la dura crisis econ\u00f3mica y social consigue tapar el resto de las cosas que nos rodean, pero eso no es cierto. \u00bfA qui\u00e9n interesan los huesos del general Franco? La primera respuesta es f\u00e1cil: a nadie, excepto a los miembros de su familia y a cuatro nost\u00e1lgicos del r\u00e9gimen. Pero esta es una respuesta tramposa, meramente paliativa. Hay que responder con m\u00e1s atenci\u00f3n: los restos de un dictador que marc\u00f3 profundamente nuestra historia reciente son un asunto que no puede dejar de interpelar a la sociedad. De acuerdo: la mayor\u00eda vive preocupada por los recortes, los cr\u00e9ditos hipotecarios y la amenaza del paro, pero somos animales hist\u00f3ricos siempre, tambi\u00e9n cuando parece que la historia nos molesta. Franco no interesa, pero Franco sigue siendo un nombre que pesa sobre todos nosotros.<\/p>\n<p>\u00a0Hace pocos d\u00edas, se dio a conocer el informe oficial que sobre el Valle de los Ca\u00eddos ha redactado una comisi\u00f3n de expertos por encargo del Ministerio de la Presidencia. Este informe hace una serie de recomendaciones al Gobierno, a partir del objetivo de llevar a cabo una \u00abresignificaci\u00f3n integral\u00bb del lugar que \u00abproporcione la relectura completa del conjunto monumental\u00bb mediante la cual se exprese \u00abla centralidad de la v\u00edctima mostrando documentalmente y evocando simb\u00f3licamente el vac\u00edo \u00e9tico que gener\u00f3 la Guerra Civil con la muerte\u00bb. El principio que inspira a los expertos es el de \u00abexplicar y no destruir\u00bb para alcanzar la transformaci\u00f3n del mausoleo de la dictadura en un verdadero memorial de la reconciliaci\u00f3n que d\u00e9 protagonismo a todos los muertos del conflicto, los de ambos bandos con un trato igual. De paso, habr\u00eda que intervenir para frenar el deterioro de la estructura del templo y el conjunto escult\u00f3rico, trabajos que podr\u00edan llegar a costar hasta 13 millones de euros.<\/p>\n<p>\u00a0Con buen criterio, la comisi\u00f3n de expertos advierte que dar nuevo significado al Valle de los Ca\u00eddos pasa por reservar este espacio \u00fanicamente a los muertos de la Guerra Civil, lo cual implica el traslado de los restos del general Franco \u00abal lugar que designe a la familia o, en su caso, al lugar que sea considerado digno y m\u00e1s adecuado\u00bb. Con respecto a los restos de Jos\u00e9 Antonio Primo de Rivera, fundador de Falange y ejecutado durante la guerra, se recomienda que estos no ocupen un lugar preeminente en la bas\u00edlica, \u00abdada la igual dignidad de los restos de todos los all\u00ed enterrados\u00bb. Se trata de conclusiones bien razonadas y movidas por el sentido com\u00fan, pero dejan la pelota a los pies de los pol\u00edticos. El informe fue encargado por gobernantes del PSOE y debe ser tenido en cuenta por los del PP, que ahora llegan al poder. Alguien ha querido ver ah\u00ed un \u00faltimo regalo envenenado de Zapatero a Rajoy. Quiz\u00e1s s\u00ed, quiz\u00e1s no. En todo caso, es triste y perverso que cierta derecha y cierta izquierda utilicen a los muertos para preponderar en la pugna democr\u00e1tica.<\/p>\n<p>\u00a0M\u00e1s all\u00e1 de los partidismos, debemos ser sinceros y valientes a la hora de contemplar nuestra historia: \u00bfcu\u00e1l es el momento menos malo para reubicar los huesos del tirano para que no ofendan durante m\u00e1s a\u00f1os la memoria de los que perdieron la guerra y de los que fueron v\u00edctimas de la represi\u00f3n dictatorial? Todos los momentos son y ser\u00e1n complicados, pero habr\u00e1 que hacerlo antes de que nos devore la verg\u00fcenza colectiva. Los gobiernos centristas de la transici\u00f3n no tocaron los restos de Franco, ni tampoco lo hicieron los gabinetes posteriores que presidi\u00f3 el socialista Gonz\u00e1lez. A\u00f1os despu\u00e9s, Aznar no se dedic\u00f3 a eso y Zapatero, que hizo bandera de la memoria republicana, termina sin haber movido el cad\u00e1ver del hombre que edific\u00f3 un sistema autocr\u00e1tico de poder que signific\u00f3 la muerte, la prisi\u00f3n y el exilio para miles de personas. La tumba de Franco sigue siendo el s\u00edmbolo de una victoria militar que se prolong\u00f3 durante casi cuarenta a\u00f1os, y esa es la raz\u00f3n por la que no casa con el respeto a la memoria de los vencidos ni con el esp\u00edritu democr\u00e1tico. Los que cada 20 de noviembre peregrinan al Valle de los Ca\u00eddos brazo en alto nos recuerdan que la tumba del general es un deshonor c\u00edvico y un residuo t\u00f3xico que contamina la convivencia, un lugar oscuro que mantiene abierta la herida de la guerra. El homenaje que los franquistas llevan a cabo anualmente es un festival que no tiene cabida en la Europa de los derechos humanos y la libertad. Y har\u00eda bien la Iglesia cat\u00f3lica de Espa\u00f1a si asumiera las recomendaciones de la comisi\u00f3n de expertos.<\/p>\n<p>\u00a0Problemas presupuestarios al margen, el nuevo gobierno presidido por Rajoy deber\u00eda hacer todo lo posible para que la derecha espa\u00f1ola democr\u00e1tica no deje espacios de ambig\u00fcedad con respecto a la condena rotunda del franquismo. La remodelaci\u00f3n del Valle de los Ca\u00eddos es una oportunidad perfecta para concretar una actitud m\u00e1s clara del PP en este sentido. Desde el deber \u00e9tico y la inteligencia, y tambi\u00e9n desde la necesidad pol\u00edtica de marcar distancias con los fantasmas de los entornos sociales y medi\u00e1ticos supuestamente afines, que mantienen una actitud escandalosamente contemporizadora hacia la dictadura. De lo contrario, los populares siempre tendr\u00e1n poca autoridad para hacer determinados discursos.\u00a0<\/p>\n<p>Algunos creen que mover los huesos de Franco es reabrir heridas. A mi entender, la gran herida es seguir tratando al tirano como a un h\u00e9roe glorioso y benefactor.\t\t<\/p>","protected":false},"excerpt":{"rendered":"<p>No hay escapatoria. Vivimos entre los muertos, lo queramos o no. Se puede pensar que la dura crisis econ\u00f3mica y social consigue tapar el resto de las cosas que nos&#8230;<\/p>\n","protected":false},"author":3,"featured_media":0,"comment_status":"closed","ping_status":"open","sticky":false,"template":"","format":"standard","meta":[],"categories":[6,7],"tags":[3],"_links":{"self":[{"href":"https:\/\/francescmarcalvaro.cat\/es\/wp-json\/wp\/v2\/posts\/4518"}],"collection":[{"href":"https:\/\/francescmarcalvaro.cat\/es\/wp-json\/wp\/v2\/posts"}],"about":[{"href":"https:\/\/francescmarcalvaro.cat\/es\/wp-json\/wp\/v2\/types\/post"}],"author":[{"embeddable":true,"href":"https:\/\/francescmarcalvaro.cat\/es\/wp-json\/wp\/v2\/users\/3"}],"replies":[{"embeddable":true,"href":"https:\/\/francescmarcalvaro.cat\/es\/wp-json\/wp\/v2\/comments?post=4518"}],"version-history":[{"count":0,"href":"https:\/\/francescmarcalvaro.cat\/es\/wp-json\/wp\/v2\/posts\/4518\/revisions"}],"wp:attachment":[{"href":"https:\/\/francescmarcalvaro.cat\/es\/wp-json\/wp\/v2\/media?parent=4518"}],"wp:term":[{"taxonomy":"category","embeddable":true,"href":"https:\/\/francescmarcalvaro.cat\/es\/wp-json\/wp\/v2\/categories?post=4518"},{"taxonomy":"post_tag","embeddable":true,"href":"https:\/\/francescmarcalvaro.cat\/es\/wp-json\/wp\/v2\/tags?post=4518"}],"curies":[{"name":"wp","href":"https:\/\/api.w.org\/{rel}","templated":true}]}}