{"id":7322,"date":"2022-04-04T08:01:56","date_gmt":"2022-04-04T07:01:56","guid":{"rendered":"https:\/\/francescmarcalvaro.cat\/?p=7322"},"modified":"2022-04-19T08:06:26","modified_gmt":"2022-04-19T07:06:26","slug":"adeu-a-lunic-estratega","status":"publish","type":"post","link":"https:\/\/francescmarcalvaro.cat\/es\/2022\/04\/04\/adeu-a-lunic-estratega\/","title":{"rendered":"Adi\u00f3s al \u00fanico estratega"},"content":{"rendered":"<p>No ha querido pelearse para mandar y ha preferido dar un paso al lado, como hizo Mas, un l\u00edder con el que conect\u00f3 y trab\u00f3 amistad. Jordi S\u00e0nchez ha hecho saber que no repetir\u00e1 como secretario general de Junts y, en el congreso de junio, el partido de Puigdemont deber\u00e1 elegir en manos de qui\u00e9n pone el volante de un veh\u00edculo que, a menudo, parece circular sin piloto. Estamos ante el adi\u00f3s del \u00fanico estratega con cara y ojos que, hasta ahora, ha tenido Junts, una labor dif\u00edcil, sobre todo en una casa que ha hecho de la falta de estrategia clara un rasgo diferencial.<br \/>\n&nbsp;<br \/>\n\u00bfPor qu\u00e9 se va S\u00e0nchez? En s\u00edntesis, por tres cosas: no ha conseguido tener un sector propio, no ha compartido el liderazgo org\u00e1nico como algunos quer\u00edan, y nunca fue bien visto por los dirigentes que proven\u00edan de Converg\u00e8ncia ni por los independientes m\u00e1s inclinados a la sobreactuaci\u00f3n de la desobediencia ret\u00f3rica. La gran paradoja es que S\u00e0nchez, a pesar de ser de la cantera del activismo, ha tenido una mirada pol\u00edtica m\u00e1s pragm\u00e1tica (a \u00e9l se debe el acuerdo de gobierno con Aragon\u00e8s) que Turull y Rull, los dos presos posconvergentes (junto con Forn) criados en el realismo pujolista.<br \/>\n&nbsp;<\/p>\n<blockquote><p>S\u00e0nchez ha tenido una mirada pol\u00edtica m\u00e1s pragm\u00e1tica que Turull y Rull<\/p><\/blockquote>\n<p>&nbsp;<br \/>\n\u00bfPor qu\u00e9, a pesar de todo, S\u00e0nchez se convirti\u00f3 en el estratega y organizador principal de Junts? Por su v\u00ednculo directo con Puigdemont, por su relaci\u00f3n con David Mad\u00ed, por su talento a la hora de ordenar las piezas en un entorno muy fragmentado y, finalmente, por el hecho de no formar parte de ninguna de las familias de este conglomerado. Demasiado poco convergente para los posconvergentes y demasiado posibilista para los independientes que representa Laura Borr\u00e0s, S\u00e0nchez paga caro el trabajar a su aire, pisando muchos callos, sin delegar. Cuando era l\u00edder de la ANC, ya lo criticaron por mantener una actitud parecida. En algunos de los an\u00e1lisis de fondo, S\u00e0nchez coincide con planteamientos que han servido a ERC para dar su giro estrat\u00e9gico, una paradoja m\u00e1s. Poner a Jaume Gir\u00f3 en Economia fue una apuesta suya.<br \/>\n&nbsp;<br \/>\nAhora empieza la batalla para controlar el tim\u00f3n de un barco que tiene una tripulaci\u00f3n muy diversa y disonante. Todas las quinielas apuntan que Turull (que ya ten\u00eda aspiraciones cuando naci\u00f3 el PDECat al enterrarse la marca Converg\u00e8ncia) optar\u00e1 a la secretar\u00eda general. Es un convergente de toda la vida que, despu\u00e9s de la c\u00e1rcel, tiene una parte importante de las bases de Junts movilizadas a su lado. La otra figura con expectativas es Borr\u00e0s, icono de los que a\u00f1oran un momentum , tambi\u00e9n muy aclamada por las bases; pero la trayectoria de la presidenta del Parlament \u2013que podr\u00eda ostentar la presidencia de Junts si Puigdemont decide dedicarse exclusivamente al Consell per la Rep\u00fablica\u2013 va unida al proceso judicial que tiene abierto por su actuaci\u00f3n en la Instituci\u00f3 de les Lletres Catalanes. Y la pregunta del mill\u00f3n: \u00bfqu\u00e9 estrategia vender\u00e1 \u2013m\u00e1s all\u00e1 de esperar el trompazo de ERC\u2013 el t\u00e1ndem Turull-Borr\u00e0s?<\/p>","protected":false},"excerpt":{"rendered":"<p>No ha querido pelearse para mandar y ha preferido dar un paso al lado, como hizo Mas, un l\u00edder con el que conect\u00f3 y trab\u00f3 amistad. Jordi S\u00e0nchez ha hecho&#8230;<\/p>\n","protected":false},"author":3,"featured_media":7323,"comment_status":"closed","ping_status":"open","sticky":false,"template":"","format":"standard","meta":[],"categories":[6,71,70,7],"tags":[3],"_links":{"self":[{"href":"https:\/\/francescmarcalvaro.cat\/es\/wp-json\/wp\/v2\/posts\/7322"}],"collection":[{"href":"https:\/\/francescmarcalvaro.cat\/es\/wp-json\/wp\/v2\/posts"}],"about":[{"href":"https:\/\/francescmarcalvaro.cat\/es\/wp-json\/wp\/v2\/types\/post"}],"author":[{"embeddable":true,"href":"https:\/\/francescmarcalvaro.cat\/es\/wp-json\/wp\/v2\/users\/3"}],"replies":[{"embeddable":true,"href":"https:\/\/francescmarcalvaro.cat\/es\/wp-json\/wp\/v2\/comments?post=7322"}],"version-history":[{"count":1,"href":"https:\/\/francescmarcalvaro.cat\/es\/wp-json\/wp\/v2\/posts\/7322\/revisions"}],"predecessor-version":[{"id":7324,"href":"https:\/\/francescmarcalvaro.cat\/es\/wp-json\/wp\/v2\/posts\/7322\/revisions\/7324"}],"wp:featuredmedia":[{"embeddable":true,"href":"https:\/\/francescmarcalvaro.cat\/es\/wp-json\/wp\/v2\/media\/7323"}],"wp:attachment":[{"href":"https:\/\/francescmarcalvaro.cat\/es\/wp-json\/wp\/v2\/media?parent=7322"}],"wp:term":[{"taxonomy":"category","embeddable":true,"href":"https:\/\/francescmarcalvaro.cat\/es\/wp-json\/wp\/v2\/categories?post=7322"},{"taxonomy":"post_tag","embeddable":true,"href":"https:\/\/francescmarcalvaro.cat\/es\/wp-json\/wp\/v2\/tags?post=7322"}],"curies":[{"name":"wp","href":"https:\/\/api.w.org\/{rel}","templated":true}]}}